{"id":90207,"date":"2026-09-05T01:00:56","date_gmt":"2026-09-04T23:00:56","guid":{"rendered":"https:\/\/iranfreedom.org\/en\/?p=90207"},"modified":"2026-09-04T18:42:32","modified_gmt":"2026-09-04T16:42:32","slug":"german-conference-highlights-irans-democratic-alternative-and-calls-for-a-new-european-policy-toward-tehran","status":"publish","type":"post","link":"https:\/\/iranfreedom.org\/en\/supports\/2026\/09\/german-conference-highlights-irans-democratic-alternative-and-calls-for-a-new-european-policy-toward-tehran\/90207\/","title":{"rendered":"German Conference Highlights Iran\u2019s Democratic Alternative and Calls for a New European Policy Toward Tehran"},"content":{"rendered":"<!DOCTYPE html PUBLIC \"-\/\/W3C\/\/DTD HTML 4.0 Transitional\/\/EN\" \"http:\/\/www.w3.org\/TR\/REC-html40\/loose.dtd\">\n<!--?xml encoding=\"UTF-8\"--><html><body><figure id=\"attachment_90212\" aria-describedby=\"caption-attachment-90212\" style=\"width: 1000px\" class=\"wp-caption alignnone\"><img fetchpriority=\"high\" decoding=\"async\" class=\"size-full wp-image-90212\" src=\"https:\/\/iranfreedom.org\/en\/wp-content\/uploads\/2026\/09\/German-Conference-.jpg\" alt=\"German lawmakers and experts discuss Iran\u2019s democratic future and Europe\u2019s policy toward Tehran.\" width=\"1000\" height=\"563\" onerror=\"this.src='https:\/\/iranfreedom.org\/en\/wp-content\/themes\/hello-elementor\/images\/broken-image-placeholder.gif';this.srcset='https:\/\/iranfreedom.org\/en\/wp-content\/themes\/hello-elementor\/images\/broken-image-placeholder.gif';\" srcset=\"https:\/\/iranfreedom.org\/en\/wp-content\/uploads\/2026\/09\/German-Conference-.jpg 1000w, https:\/\/iranfreedom.org\/en\/wp-content\/uploads\/2026\/09\/German-Conference--300x169.jpg 300w, https:\/\/iranfreedom.org\/en\/wp-content\/uploads\/2026\/09\/German-Conference--768x432.jpg 768w\" sizes=\"(max-width: 1000px) 100vw, 1000px\" \/><figcaption id=\"caption-attachment-90212\" class=\"wp-caption-text\">German lawmakers and experts discuss Iran\u2019s democratic future and Europe\u2019s policy toward Tehran.<\/figcaption><\/figure>\n<p><strong>German lawmakers, former diplomats, legal experts, religious figures and civil-society advocates discuss Iran\u2019s political crisis, human rights, organized resistance and prospects for democratic change.<\/strong><\/p>\n<p class=\"isSelectedEnd\">An <a href=\"https:\/\/www.ncr-iran.org\/en\/news\/iran-resistance\/german-conference-backs-irans-democratic-alternative-examines-europes-policy-toward-tehran\/\" target=\"_blank\" rel=\"noopener\">online conference<\/a> held in Germany on August 31, 2026, brought together German lawmakers, former diplomats, legal experts, religious figures and civil-society advocates to examine Iran\u2019s political crisis and the prospects for democratic change.<\/p>\n<p class=\"isSelectedEnd\">Organized with the participation of the Union of Iranian Communities in Germany and members of the German Solidarity Committee for a Free Iran, the conference focused on the situation inside Iran, the role of organized opposition forces, human rights violations and the direction of German and European policy toward Tehran.<\/p>\n<p class=\"isSelectedEnd\">A recurring theme throughout the conference was that neither foreign military intervention nor renewed accommodation with the Iranian regime could provide a lasting solution to the country\u2019s crisis. Instead, speakers emphasized the importance of supporting domestic protests and organized forces inside Iran, particularly the People\u2019s Mojahedin Organization of Iran (<a href=\"https:\/\/english.mojahedin.org\/about-the-peoples-mojahedin-organization-of-iran-pmoi-mek\/\" target=\"_blank\" rel=\"noopener\">PMOI\/MEK<\/a>) and its network of <a href=\"https:\/\/english.mojahedin.org\/iranian-resistance-units\/\" target=\"_blank\" rel=\"noopener\">Resistance Units<\/a>.<\/p>\n<blockquote class=\"twitter-tweet\" data-width=\"550\" data-dnt=\"true\">\n<p lang=\"de\" dir=\"ltr\">Auf der Hybrid-Konferenz \u201eIran: Der Weg zur Demokratie\u201c diskutierten \ud83c\udde9\ud83c\uddeaIran-Experten &amp; Politiker \u00fcber Folgen der j\u00fcngsten Entwicklungen &amp; zunehmende innere und regionale Krisen. Im Mittelpunkt standen die Rolle des organisierten Widerstands im Land sowie die Frage, wie ein\u2026 <a href=\"https:\/\/t.co\/yXKkgyGR2D\">pic.twitter.com\/yXKkgyGR2D<\/a><\/p>\n<p>\u2014 Javad Dabiran (@JavadDabiran) <a href=\"https:\/\/x.com\/JavadDabiran\/status\/2095175343111905299?ref_src=twsrc%5Etfw\">September 2, 2026<\/a><\/p><\/blockquote>\n<p><script async src=\"https:\/\/platform.x.com\/widgets.js\" charset=\"utf-8\"><\/script><\/p>\n<p class=\"isSelectedEnd\">The <a href=\"https:\/\/www.ncr-iran.org\/en\/about-ncri\/ncri\/alternative\/\" target=\"_blank\" rel=\"noopener\">NCRI<\/a>\u2019s <a href=\"https:\/\/www.maryam-rajavi.com\/en\/viewpoints\/plan-for-future-of-iran\/\" target=\"_blank\" rel=\"noopener\">Ten-Point Plan<\/a> was also repeatedly presented as a framework for a secular and democratic republic following a political transition. Several speakers rejected the restoration of the monarchy and questioned the political credentials of Reza Pahlavi as an alternative to the current system.<\/p>\n<p class=\"isSelectedEnd\">Executions, political imprisonment, repression, accountability and the need for a tougher European response to the Iranian regime and its coercive institutions were among the conference\u2019s other central themes.<\/p>\n<h3>Maryam Rajavi: The Central Confrontation Is Between Iranian Society and the Regime<\/h3>\n<p class=\"isSelectedEnd\">In a <a href=\"https:\/\/www.maryam-rajavi.com\/en\/message-conference-germany-main-conflict-between-iranian-people-religious-fascism\/\" target=\"_blank\" rel=\"noopener\">message to the conference<\/a>, Mrs. <a href=\"https:\/\/www.maryam-rajavi.com\/en\/biography\/\" target=\"_blank\" rel=\"noopener\">Maryam Rajavi<\/a> described the fundamental confrontation in Iran as a struggle between Iranian society and what she termed \u201creligious fascism.\u201d She argued that external military conflict had not displaced the deeper confrontation taking place inside the country.<\/p>\n<p class=\"isSelectedEnd\">According to <a href=\"https:\/\/iranfreedom.org\/en\/maryam-rajavi\/\" rel=\"\">Mrs. Rajavi<\/a>, the regime\u2019s strategy for survival depends on executions, repression and the permanent deployment of security forces, while the opposing force is represented by continuing protests and what she described as the \u201cunrelenting operations of Resistance Units.\u201d<\/p>\n<p class=\"isSelectedEnd\">Mrs. Rajavi said the PMOI had spent years building a nationwide social and operational structure despite intense repression. She stated that Resistance Units carried out 630 operations during the December 2025\u2013January 2026 uprising, particularly targeting the apparatus responsible for suppression by the Islamic Revolutionary Guard Corps (IRGC).<\/p>\n<p class=\"isSelectedEnd\">She described the significance of the Resistance Units as their ability to transform what she called the \u201cexplosive, protesting energy of Iranian society\u201d into an organized force capable of confronting the regime.<\/p>\n<p class=\"isSelectedEnd\">On the political future of Iran, Mrs. Rajavi rejected both continued accommodation with the clerical establishment and a return to the Shah\u2019s dynasty, describing monarchist restoration as \u201ca mirage.\u201d<\/p>\n<p class=\"isSelectedEnd\">She argued that European and international policy has failed to recognize what she considers the principal force for change inside Iran. In her view, continued attempts by foreign governments to reach an accommodation with Tehran have produced flawed strategies.<\/p>\n<p class=\"isSelectedEnd\">Mrs. Rajavi also accused remnants of the former Shah\u2019s system of serving the interests of the current regime by dividing the opposition, disrupting uprisings and promoting what she characterized as fascist slogans.<\/p>\n<p class=\"isSelectedEnd\">Citing Massoud Rajavi, the leader of the Iranian Resistance, she said the experience of the two wars and the 2025\u20132026 uprising demonstrated that a return to \u201cpuppet monarchical fascism\u201d was not a viable solution.<\/p>\n<p class=\"isSelectedEnd\">Mrs. Rajavi presented the NCRI\u2019s transition plan, free elections and Ten-Point Plan as mechanisms designed to prevent a power vacuum following the fall of the current regime and to establish a democratic republic.<\/p>\n<p><iframe title=\"Maryam Rajavi: The unabated struggle between the people of Iran &amp; religious fascism- Germany- Aug 31\" width=\"800\" height=\"450\" src=\"https:\/\/www.youtube.com\/embed\/_80PrJaJFdU?feature=oembed\" frameborder=\"0\" allow=\"accelerometer; autoplay; clipboard-write; encrypted-media; gyroscope; picture-in-picture; web-share\" referrerpolicy=\"strict-origin-when-cross-origin\" allowfullscreen><\/iframe><\/p>\n<h3>Carsten M\u00fcller: Germany Must Recognize the Forces Working for Freedom in Iran<\/h3>\n<p class=\"isSelectedEnd\">Carsten M\u00fcller, a member of the German Bundestag and chairman of its Legal Affairs Committee, said Western governments had repeatedly failed to identify and engage with the forces genuinely working for freedom inside Iran.<\/p>\n<p class=\"isSelectedEnd\">M\u00fcller argued that months of military attacks had neither liberated the Iranian people nor brought democracy closer. Instead, he said, they had coincided with intensified repression inside Iran.<\/p>\n<p class=\"isSelectedEnd\">He pointed to the continued targeting of PMOI members as evidence of the importance the Iranian authorities attach to the organization.<\/p>\n<p class=\"isSelectedEnd\">According to M\u00fcller, a more credible approach would involve supporting democratic forces that possess both international connections and \u201cthe corresponding infrastructure in Iran itself.\u201d<\/p>\n<p class=\"isSelectedEnd\">He said the conference was intended in part to make this perspective more prominent in Germany and contribute to a change in Berlin\u2019s Iran policy.<\/p>\n<p class=\"isSelectedEnd\">M\u00fcller also criticized what he described as the penetration of Iranian regime narratives into official German debate, arguing that German institutions had too often repeated arguments originating with Tehran.<\/p>\n<p class=\"isSelectedEnd\">\u201cThat must come to an end,\u201d he said, calling for a fundamental change in German and European policy rather than reliance on military intervention or previous approaches to engagement with Tehran.<\/p>\n<h3>Leo Dautzenberg: Iran Needs No Transition From One Dictatorship to Another<\/h3>\n<p class=\"isSelectedEnd\">Leo Dautzenberg, a former member of the Bundestag, expanded on the argument for supporting organized resistance inside Iran.<\/p>\n<p class=\"isSelectedEnd\">He contrasted the organized resistance with both the clerical regime and Reza Pahlavi, arguing that executions, arrests, security-force deployments and propaganda campaigns against the PMOI and Resistance Units should not be interpreted as signs of regime strength.<\/p>\n<p class=\"isSelectedEnd\">Instead, he said, these measures demonstrated the authorities\u2019 fear of another uprising and of an organized force capable of challenging the system.<\/p>\n<p class=\"isSelectedEnd\">Dautzenberg rejected both appeasement of the religious dictatorship and foreign military intervention. He called instead for political, moral and practical support for Iranians organizing inside the country.<\/p>\n<p class=\"isSelectedEnd\">Addressing the debate over the monarchy, he argued that Pahlavi\u2019s media visibility and lobbying activities could not substitute for democratic legitimacy, an organized domestic presence or a clear break with the repressive legacy associated with the Shah and SAVAK.<\/p>\n<p class=\"isSelectedEnd\">\u201cIran needs no transition from one dictatorship to another,\u201d Dautzenberg said.<\/p>\n<p class=\"isSelectedEnd\">By contrast, he argued that the NCRI possesses an organization, an in-country presence and a roadmap for political transition. He described Mrs. Rajavi\u2019s Ten-Point Plan as compatible with European democratic values and called for structured and public political dialogue between Berlin, Europe and the NCRI.<\/p>\n<p><img decoding=\"async\" class=\"alignnone size-full wp-image-90214\" src=\"https:\/\/iranfreedom.org\/en\/wp-content\/uploads\/2026\/09\/German-Conference-1.jpg\" alt=\"\" width=\"1000\" height=\"563\" onerror=\"this.src='https:\/\/iranfreedom.org\/en\/wp-content\/themes\/hello-elementor\/images\/broken-image-placeholder.gif';this.srcset='https:\/\/iranfreedom.org\/en\/wp-content\/themes\/hello-elementor\/images\/broken-image-placeholder.gif';\" srcset=\"https:\/\/iranfreedom.org\/en\/wp-content\/uploads\/2026\/09\/German-Conference-1.jpg 1000w, https:\/\/iranfreedom.org\/en\/wp-content\/uploads\/2026\/09\/German-Conference-1-300x169.jpg 300w, https:\/\/iranfreedom.org\/en\/wp-content\/uploads\/2026\/09\/German-Conference-1-768x432.jpg 768w\" sizes=\"(max-width: 1000px) 100vw, 1000px\" \/><\/p>\n<h3>Joachim R\u00fccker: Human Rights Must Not Be Sacrificed to Geopolitics<\/h3>\n<p class=\"isSelectedEnd\">Ambassador Dr. Joachim R\u00fccker, former president of the UN Human Rights Council, urged Germany and Europe to reject what he described as a false choice between war and appeasement.<\/p>\n<p class=\"isSelectedEnd\">\u201cHuman rights must not be sacrificed to geopolitics,\u201d R\u00fccker said, identifying an immediate halt to executions and protection for political prisoners as key priorities.<\/p>\n<p class=\"isSelectedEnd\">He argued that the Iranian regime\u2019s survival after external military blows should not be confused with genuine stability. Instead, he pointed to economic decline, social discontent, declining legitimacy and growing divisions within the ruling elite as signs of continued vulnerability.<\/p>\n<p class=\"isSelectedEnd\">R\u00fccker proposed a third approach: active support for Iranian society\u2019s struggle for secular democracy, equality, the rule of law and a non-nuclear state.<\/p>\n<p class=\"isSelectedEnd\">In assessing Iran\u2019s political alternatives, he said media visibility, a famous family name or access to Western capitals should not be the principal criteria. Instead, he identified organization, a verifiable political program, roots inside Iran and a credible mechanism for democratic transition as key measures.<\/p>\n<p class=\"isSelectedEnd\">He warned against what he called the \u201cglorification of the monarchy\u201d and nostalgia for SAVAK, while identifying the Ten-Point Plan as a concrete democratic benchmark through its emphasis on free elections, separation of religion and state, equality and abolition of the death penalty.<\/p>\n<blockquote class=\"twitter-tweet\" data-width=\"550\" data-dnt=\"true\">\n<p lang=\"de\" dir=\"ltr\">Amb. Dr. Joachim R\u00fccker sagte auf der Hybrid-Konferenz \u201eIran: Der Weg zur Demokratie\u201c: \u201eKrieg &amp; Appeasement sind nicht die einzigen beiden Optionen.\u201c Die dritte Option sei die aktive Unterst\u00fctzung des iranischen Volkes im Kampf f\u00fcr s\u00e4kulare Demokratie, Menschenrechte,\u2026 <a href=\"https:\/\/t.co\/9hllPgN48z\">pic.twitter.com\/9hllPgN48z<\/a><\/p>\n<p>\u2014 Javad Dabiran (@JavadDabiran) <a href=\"https:\/\/x.com\/JavadDabiran\/status\/2095182337130520664?ref_src=twsrc%5Etfw\">September 2, 2026<\/a><\/p><\/blockquote>\n<p><script async src=\"https:\/\/platform.x.com\/widgets.js\" charset=\"utf-8\"><\/script><\/p>\n<h3>Hans-Ulrich Seidt: Europe Should Not Decide Iran\u2019s Future From Outside<\/h3>\n<p class=\"isSelectedEnd\">Hans-Ulrich Seidt, a former German ambassador and former inspector general of the Foreign Office, approached Iran\u2019s crisis from a geopolitical and institutional perspective.<\/p>\n<p class=\"isSelectedEnd\">He warned that military confrontation around the Strait of Hormuz could have consequences far beyond Iran, including the possibility of a severe global energy shock.<\/p>\n<p class=\"isSelectedEnd\">At the same time, Seidt cautioned against interpreting the regime\u2019s ability to maintain order through force as evidence of durable stability.<\/p>\n<p class=\"isSelectedEnd\">He identified economic crisis, war, uncertainty over leadership and persistent public unrest as pressures that could reinforce one another.<\/p>\n<p class=\"isSelectedEnd\">According to Seidt, a decisive internal shift could occur if nationwide protests were accompanied by sustained strikes in sectors such as oil, transportation, banking and the public sector, combined with fragmentation or defections within the security apparatus.<\/p>\n<p class=\"isSelectedEnd\">Seidt stressed that Europe should not attempt to determine Iran\u2019s political future from outside, saying that \u201cthe Iranian people are the masters of their destiny.\u201d<\/p>\n<p class=\"isSelectedEnd\">Nevertheless, he argued that Germany and the European Union could support democratic and capable Iranian forces.<\/p>\n<p class=\"isSelectedEnd\">Among the opposition forces, he singled out the NCRI under Maryam Rajavi for having presented a concrete Ten-Point Plan. He described the plan as \u201cnot a utopia\u201d but \u201ca realistic approach,\u201d while suggesting that it could be strengthened by a detailed economic program.<\/p>\n<h3>Martin Patzelt: Europe Must Distinguish Criticism From Disinformation<\/h3>\n<p class=\"isSelectedEnd\">Martin Patzelt, a former member of the Bundestag and board member of the German Solidarity Committee for a Free Iran, examined why European policy remains hesitant despite the Iranian regime\u2019s conduct at home and its activities in Europe.<\/p>\n<p class=\"isSelectedEnd\">Patzelt warned that democratic societies are not immune to disinformation and alleged that Iranian intelligence structures systematically attempt to discredit reporting about Iran, introduce competing narratives and create uncertainty over the reliability of sources.<\/p>\n<p class=\"isSelectedEnd\">He therefore argued that allegations directed against the PMOI should be carefully examined rather than accepted without scrutiny.<\/p>\n<p class=\"isSelectedEnd\">Patzelt said the conference had helped answer a question he had repeatedly raised: who inside Iran could assume political responsibility if the clerical system were to collapse?<\/p>\n<p class=\"isSelectedEnd\">He said the information presented about PMOI-linked resistance demonstrated that forces were operating \u201con the ground\u201d under life-threatening conditions and were seeking to implement the alternative outlined in the Ten-Point Plan.<\/p>\n<p class=\"isSelectedEnd\">Patzelt called on Europeans to establish direct engagement with representatives of the opposition.<\/p>\n<p class=\"isSelectedEnd\">He concluded with a distinction he considered essential: \u201cCriticism is legitimate; disinformation is dangerous.\u201d<\/p>\n<p class=\"isSelectedEnd\">He called for broader networks to expose what he described as Tehran\u2019s intelligence operations and strengthen support for democratic change.<\/p>\n<p><img decoding=\"async\" class=\"alignnone size-full wp-image-90215\" src=\"https:\/\/iranfreedom.org\/en\/wp-content\/uploads\/2026\/09\/German-Conference-2.jpg\" alt=\"\" width=\"1000\" height=\"563\" onerror=\"this.src='https:\/\/iranfreedom.org\/en\/wp-content\/themes\/hello-elementor\/images\/broken-image-placeholder.gif';this.srcset='https:\/\/iranfreedom.org\/en\/wp-content\/themes\/hello-elementor\/images\/broken-image-placeholder.gif';\" srcset=\"https:\/\/iranfreedom.org\/en\/wp-content\/uploads\/2026\/09\/German-Conference-2.jpg 1000w, https:\/\/iranfreedom.org\/en\/wp-content\/uploads\/2026\/09\/German-Conference-2-300x169.jpg 300w, https:\/\/iranfreedom.org\/en\/wp-content\/uploads\/2026\/09\/German-Conference-2-768x432.jpg 768w\" sizes=\"(max-width: 1000px) 100vw, 1000px\" \/><\/p>\n<h3>Thomas Lutze: Reza Pahlavi Lacks Democratic Mandate and Domestic Organization<\/h3>\n<p class=\"isSelectedEnd\">Thomas Lutze, a former member of the Bundestag, focused on whether Reza Pahlavi could credibly form part of a democratic solution for Iran.<\/p>\n<p class=\"isSelectedEnd\">His answer was categorical. Lutze argued that Pahlavi was neither the product of a democratic process nor an elected representative of the Iranian people and lacked an organized network inside Iran.<\/p>\n<p class=\"isSelectedEnd\">He attributed Pahlavi\u2019s increased visibility since 2022 primarily to media activity, social networks, lobbying and what he described as artificial amplification rather than demonstrable roots in Iranian society.<\/p>\n<p class=\"isSelectedEnd\">Lutze also referred to reports of intimidation of critics, disputes within monarchist networks and concerns surrounding SAVAK symbolism as issues that should be taken seriously in European democratic discourse.<\/p>\n<p class=\"isSelectedEnd\">\u201cIran does not need a transition from one dictatorship to another,\u201d he said.<\/p>\n<p class=\"isSelectedEnd\">Lutze argued that European governments should assess political alternatives according to their programs, accountability, respect for Iran\u2019s diversity, transparency and genuine domestic presence.<\/p>\n<p class=\"isSelectedEnd\">He warned that promoting Pahlavi could weaken democratic opposition forces and reinforce Tehran\u2019s narrative that the only alternative to the clerical dictatorship is a restoration of the monarchy.<\/p>\n<p class=\"isSelectedEnd\">Instead, he called on Europe to listen to forces seeking a secular democratic republic through free elections.<\/p>\n<h3>Nina Pesian: Resistance Inside Prisons and on the Streets Are Connected<\/h3>\n<p class=\"isSelectedEnd\">Nina Pesian, spokesperson for the Association of German-Iranians, focused on political prisoners, executions and the expansion of organized resistance inside Iran.<\/p>\n<p class=\"isSelectedEnd\">She said the regime continues to rely on fear, terror and executions, but argued that repression had strengthened rather than broken the determination of young Iranians.<\/p>\n<p class=\"isSelectedEnd\">Pesian highlighted prisoners whom she said face execution because of alleged membership in the PMOI and praised those who continue to resist despite severe pressure.<\/p>\n<p class=\"isSelectedEnd\">She also discussed the \u201cNo to Executions Tuesdays\u201d campaign, saying it had expanded beyond individual prison hunger strikes. According to Pesian, 61 prisons had joined the campaign, with families and sections of the wider public also taking part.<\/p>\n<p class=\"isSelectedEnd\">She presented resistance inside prisons and resistance in the streets as part of a single political continuum, arguing that both contributed to the expansion of Resistance Units throughout Iran.<\/p>\n<p class=\"isSelectedEnd\">\u201cThe only way to freedom is organized resistance led by the Resistance Units,\u201d Pesian said.<\/p>\n<p class=\"isSelectedEnd\">She rejected what she characterized as empty hopes and purely rhetorical responses, portraying the organized resistance network as a domestic force rather than a phenomenon limited to the Iranian diaspora.<\/p>\n<p class=\"isSelectedEnd\">Pesian called on international supporters to amplify the voices of Iranians facing imprisonment and execution and to stand with those engaged in resistance inside the country.<\/p>\n<p><img loading=\"lazy\" decoding=\"async\" class=\"alignnone size-full wp-image-90216\" src=\"https:\/\/iranfreedom.org\/en\/wp-content\/uploads\/2026\/09\/German-Conference-3.jpg\" alt=\"\" width=\"1000\" height=\"416\" onerror=\"this.src='https:\/\/iranfreedom.org\/en\/wp-content\/themes\/hello-elementor\/images\/broken-image-placeholder.gif';this.srcset='https:\/\/iranfreedom.org\/en\/wp-content\/themes\/hello-elementor\/images\/broken-image-placeholder.gif';\" srcset=\"https:\/\/iranfreedom.org\/en\/wp-content\/uploads\/2026\/09\/German-Conference-3.jpg 1000w, https:\/\/iranfreedom.org\/en\/wp-content\/uploads\/2026\/09\/German-Conference-3-300x125.jpg 300w, https:\/\/iranfreedom.org\/en\/wp-content\/uploads\/2026\/09\/German-Conference-3-768x319.jpg 768w\" sizes=\"(max-width: 1000px) 100vw, 1000px\" \/><\/p>\n<h3>Reza Musavi: Iran\u2019s Economic Crisis Is Rooted in the Political System<\/h3>\n<p class=\"isSelectedEnd\">Reza Musavi examined Iran\u2019s economic crisis as a structural consequence of the country\u2019s political system rather than a temporary result of sanctions or poor economic management.<\/p>\n<p class=\"isSelectedEnd\">He cited rising consumer and food inflation, increases in taxes and electricity prices, a sharp decline in the value of the currency and growing military expenditure as evidence of what he called a deepening \u201csuper-crisis.\u201d<\/p>\n<p class=\"isSelectedEnd\">Musavi described Iran as a rentier, limited-access economy in which oil and gas revenues and strategic sectors are controlled by regime-aligned elites, particularly the IRGC, religious foundations and entities linked to the ruling establishment.<\/p>\n<p class=\"isSelectedEnd\">He argued that genuine market liberalization and effective anti-corruption measures would threaten the economic foundations of these elites and therefore that meaningful reform from within the existing system was not viable.<\/p>\n<p class=\"isSelectedEnd\">Musavi then connected the economic crisis to political mobilization. He argued that spontaneous public anger alone would not be sufficient to confront a heavily armed state.<\/p>\n<p class=\"isSelectedEnd\">In his analysis, the Resistance Units provide an organizational bridge between widespread unrest and coordinated action by \u201cchanneling\u201d public anger and giving it strategic direction.<\/p>\n<p class=\"isSelectedEnd\">He described the organized Resistance Units as the structural backbone capable of turning an unorganized mass movement into a force for fundamental political change, linking Iran\u2019s economic breakdown to the conference\u2019s broader argument for an organized domestic alternative.<\/p>\n<h3>Marion B\u00f6ker: Europe and the UN Should Strengthen Engagement With Iranian Civil Society<\/h3>\n<p class=\"isSelectedEnd\">Marion B\u00f6ker, director of a consultancy specializing in human rights and gender issues, called for broader European and United Nations engagement with the NCRI and Iranian civil society.<\/p>\n<p class=\"isSelectedEnd\">She welcomed existing support for Maryam Rajavi in European institutions but argued that such support remained insufficient and should be strengthened, alongside additional sanctions against Iranian authorities.<\/p>\n<p class=\"isSelectedEnd\">B\u00f6ker called for greater use of UN forums in Geneva and New York, including Human Rights Council mechanisms, to document abuses, facilitate civil-society participation and address executions and other alleged violations of international law.<\/p>\n<p class=\"isSelectedEnd\">She also proposed making greater use of documentation collected by the resistance regarding alleged crimes against humanity and discussed possible international accountability mechanisms.<\/p>\n<p class=\"isSelectedEnd\">At the same time, B\u00f6ker encouraged NCRI participation in international discussions concerning women, peace and security.<\/p>\n<p class=\"isSelectedEnd\">She stressed that peace negotiations should include women and civil society, arguing that the war had produced \u201cno gain for freedom and democracy in Iran.\u201d<\/p>\n<p class=\"isSelectedEnd\">B\u00f6ker described a democratic Iran as a potential contributor to broader regional stability and minority rights and called for international diplomacy to move beyond expressions of sympathy toward sustained institutional support, accountability and a political role for organized Iranian civil society.<\/p>\n<blockquote class=\"twitter-tweet\" data-width=\"550\" data-dnt=\"true\">\n<p lang=\"de\" dir=\"ltr\">Der ehem. Pr\u00e4sident des UN-Menschenrechtsrats Amb.  Joachim R\u00fccker sagte auf der Konferenz \u201eIran: Der Weg zur Demokratie\u201c: \u201eDer Westen darf dem iranischen Volk keinen F\u00fchrer pr\u00e4sentieren.\u201c \u00dcber die Zukunft      Irans d\u00fcrfe ausschlie\u00dflich das iranische Volk selbst entscheiden.\u2026 <a href=\"https:\/\/t.co\/mNfGz4sCXu\">pic.twitter.com\/mNfGz4sCXu<\/a><\/p>\n<p>\u2014 Javad Dabiran (@JavadDabiran) <a href=\"https:\/\/x.com\/JavadDabiran\/status\/2095199217195074039?ref_src=twsrc%5Etfw\">September 2, 2026<\/a><\/p><\/blockquote>\n<p><script async src=\"https:\/\/platform.x.com\/widgets.js\" charset=\"utf-8\"><\/script><\/p>\n<h3>Margot K\u00e4\u00dfmann: Iran\u2019s People and Their Dignity Must Be at the Center<\/h3>\n<p class=\"isSelectedEnd\">Margot K\u00e4\u00dfmann, former chair of the Council of the Evangelical Church in Germany, called for placing the Iranian people rather than geopolitical calculations at the center of discussions about Iran.<\/p>\n<p class=\"isSelectedEnd\">She argued that public debate too often reduces Iran to questions surrounding its nuclear program, regional conflicts or military confrontation while overlooking people fighting for \u201ctheir dignity, their freedom, their right to life.\u201d<\/p>\n<p class=\"isSelectedEnd\">K\u00e4\u00dfmann described the death penalty not simply as a form of punishment but as an instrument of intimidation and political control.<\/p>\n<p class=\"isSelectedEnd\">She argued that expressions of concern must be translated into practical measures aimed at stopping executions, securing the release of political prisoners and ensuring accountability for perpetrators.<\/p>\n<p class=\"isSelectedEnd\">K\u00e4\u00dfmann also criticized what she viewed as the limited attention given by German media to repression inside Iran and to the impact of war on Iranian society and opposition forces.<\/p>\n<p class=\"isSelectedEnd\">Supporting Iranians, she emphasized, \u201cdoes not mean support for war or foreign intervention.\u201d Instead, she called for strengthening voices inside Iran seeking freedom and democracy.<\/p>\n<p class=\"isSelectedEnd\">K\u00e4\u00dfmann specifically endorsed elements of the Ten-Point Plan, including separation of religion and state, equality for women and abolition of the death penalty, linking these principles to universal religious freedom and respect for human life.<\/p>\n<h3>Christoph Degenhart: Iran\u2019s Judicial Crimes Should Be Documented for Accountability<\/h3>\n<p class=\"isSelectedEnd\">Christoph Degenhart, professor of constitutional law and a former judge of the Constitutional Court of Saxony, examined what he described as \u201cjudicial crimes\u201d and their potential classification as crimes against humanity.<\/p>\n<p class=\"isSelectedEnd\">Drawing on the legacy of the Nuremberg trials and Article 7 of the Rome Statute, Degenhart argued that state courts and judicial institutions can be transformed into instruments of systematic murder, imprisonment, torture and political persecution.<\/p>\n<p class=\"isSelectedEnd\">He said the 1988 massacre in Iran and the current wave of executions should be documented case by case as potential crimes against humanity, particularly where judicial institutions are allegedly used to destroy organized political opposition.<\/p>\n<p class=\"isSelectedEnd\">Degenhart emphasized the principle of universal jurisdiction and said German courts can, under appropriate circumstances, prosecute grave international crimes committed outside Germany.<\/p>\n<p class=\"isSelectedEnd\">He made a practical appeal to human-rights organizations and the resistance: preserve facts, identify those involved and collect usable evidence before records disappear.<\/p>\n<p class=\"isSelectedEnd\">Degenhart also directly rejected the previous policy of accommodation toward Tehran, saying that \u201cthe policy of appeasement that we had in the past is no longer permissible.\u201d<\/p>\n<p class=\"isSelectedEnd\">For Germany, he argued, the principle of \u201cnever again\u201d requires scrutiny, documentation and accountability rather than denial or political convenience.<\/p>\n<p><img loading=\"lazy\" decoding=\"async\" class=\"alignnone size-full wp-image-90217\" src=\"https:\/\/iranfreedom.org\/en\/wp-content\/uploads\/2026\/09\/German-Conference-5.jpg\" alt=\"\" width=\"1000\" height=\"530\" onerror=\"this.src='https:\/\/iranfreedom.org\/en\/wp-content\/themes\/hello-elementor\/images\/broken-image-placeholder.gif';this.srcset='https:\/\/iranfreedom.org\/en\/wp-content\/themes\/hello-elementor\/images\/broken-image-placeholder.gif';\" srcset=\"https:\/\/iranfreedom.org\/en\/wp-content\/uploads\/2026\/09\/German-Conference-5.jpg 1000w, https:\/\/iranfreedom.org\/en\/wp-content\/uploads\/2026\/09\/German-Conference-5-300x159.jpg 300w, https:\/\/iranfreedom.org\/en\/wp-content\/uploads\/2026\/09\/German-Conference-5-768x407.jpg 768w\" sizes=\"(max-width: 1000px) 100vw, 1000px\" \/><\/p>\n<h2>A Common Call for a Different European Approach<\/h2>\n<p class=\"isSelectedEnd\">Taken together, the speeches presented a broad critique of both military intervention and policies based on accommodation with Tehran. Speakers instead emphasized support for Iranian civil society, organized domestic resistance, human rights and mechanisms for accountability.<\/p>\n<p class=\"isSelectedEnd\">The NCRI\u2019s Ten-Point Plan emerged as a recurring reference point in the discussions, particularly in relation to free elections, separation of religion and state, equality, abolition of the death penalty and the establishment of a secular democratic republic.<\/p>\n<p class=\"isSelectedEnd\">The conference also repeatedly urged Germany and the wider European Union to reassess their approach to Iran, engage more directly with democratic opposition forces and give greater attention to executions, political prisoners and alleged crimes against humanity.<\/p>\n<p>While the speakers differed in emphasis\u2014from geopolitics and economic crisis to human rights, constitutional law and religious freedom\u2014the central message was that Iran\u2019s political future should ultimately be determined by the Iranian people and that international policy should support, rather than substitute for, that process.<\/p>\n<\/body><\/html>\n","protected":false},"excerpt":{"rendered":"<p>Germany conference examines Iran\u2019s crisis, human rights and democratic alternatives, urging Europe to support organized change.<\/p>\n","protected":false},"author":6,"featured_media":90212,"comment_status":"closed","ping_status":"closed","sticky":false,"template":"","format":"standard","meta":{"_acf_changed":false,"pgc_sgb_lightbox_settings":"","footnotes":""},"categories":[18,867,1,32],"tags":[4809,2746],"class_list":["post-90207","post","type-post","status-publish","format-standard","has-post-thumbnail","hentry","category-supports","category-iranian-resistance","category-news","category-videos","tag-conference-in-germany","tag-ncri-alternative"],"acf":[],"yoast_head":"<!-- This site is optimized with the Yoast SEO plugin v28.4 - https:\/\/yoast.com\/product\/yoast-seo-wordpress\/ -->\n<title>German Conference Highlights Iran\u2019s Democratic Alternative and Calls for a New European Policy Toward Tehran - Iran Freedom<\/title>\n<meta name=\"description\" content=\"Germany conference examines Iran\u2019s crisis, human rights and democratic alternatives, urging Europe to support organized change.\" \/>\n<meta name=\"robots\" content=\"index, follow, max-snippet:-1, max-image-preview:large, max-video-preview:-1\" \/>\n<link rel=\"canonical\" href=\"https:\/\/iranfreedom.org\/en\/supports\/2026\/09\/german-conference-highlights-irans-democratic-alternative-and-calls-for-a-new-european-policy-toward-tehran\/90207\/\" \/>\n<meta property=\"og:locale\" content=\"en_US\" \/>\n<meta property=\"og:type\" content=\"article\" \/>\n<meta property=\"og:title\" content=\"German Conference Highlights Iran\u2019s Democratic Alternative and Calls for a New European Policy Toward Tehran - Iran Freedom\" \/>\n<meta property=\"og:description\" content=\"German lawmakers and experts discuss Iran\u2019s democratic future and Europe\u2019s policy toward Tehran.\" \/>\n<meta property=\"og:url\" content=\"https:\/\/iranfreedom.org\/en\/supports\/2026\/09\/german-conference-highlights-irans-democratic-alternative-and-calls-for-a-new-european-policy-toward-tehran\/90207\/\" \/>\n<meta property=\"og:site_name\" content=\"Iran Freedom\" \/>\n<meta property=\"article:publisher\" content=\"https:\/\/www.facebook.com\/4FreedominIran\" \/>\n<meta property=\"article:published_time\" content=\"2026-09-04T23:00:56+00:00\" \/>\n<meta property=\"og:image\" content=\"https:\/\/iranfreedom.org\/en\/wp-content\/uploads\/2026\/09\/German-Conference-.jpg\" \/>\n\t<meta property=\"og:image:width\" content=\"1000\" \/>\n\t<meta property=\"og:image:height\" content=\"563\" \/>\n\t<meta property=\"og:image:type\" content=\"image\/jpeg\" \/>\n<meta name=\"author\" content=\"Iran Freedom\" \/>\n<meta name=\"twitter:card\" content=\"summary_large_image\" \/>\n<meta name=\"twitter:creator\" content=\"@4freedominiran2\" \/>\n<meta name=\"twitter:site\" content=\"@4freedominiran2\" \/>\n<meta name=\"twitter:label1\" content=\"Written by\" \/>\n\t<meta name=\"twitter:data1\" content=\"Iran Freedom\" \/>\n\t<meta name=\"twitter:label2\" content=\"Est. reading time\" \/>\n\t<meta name=\"twitter:data2\" content=\"15 minutes\" \/>\n<script type=\"application\/ld+json\" class=\"yoast-schema-graph\">{\"@context\":\"https:\\\/\\\/schema.org\",\"@graph\":[{\"@type\":\"Article\",\"@id\":\"https:\\\/\\\/iranfreedom.org\\\/en\\\/supports\\\/2026\\\/09\\\/german-conference-highlights-irans-democratic-alternative-and-calls-for-a-new-european-policy-toward-tehran\\\/90207\\\/#article\",\"isPartOf\":{\"@id\":\"https:\\\/\\\/iranfreedom.org\\\/en\\\/supports\\\/2026\\\/09\\\/german-conference-highlights-irans-democratic-alternative-and-calls-for-a-new-european-policy-toward-tehran\\\/90207\\\/\"},\"author\":{\"name\":\"Iran Freedom\",\"@id\":\"https:\\\/\\\/iranfreedom.org\\\/en\\\/#\\\/schema\\\/person\\\/0c0ca1f507008310991aaf03eca5f8d6\"},\"headline\":\"German Conference Highlights Iran\u2019s Democratic Alternative and Calls for a New European Policy Toward Tehran\",\"datePublished\":\"2026-09-04T23:00:56+00:00\",\"mainEntityOfPage\":{\"@id\":\"https:\\\/\\\/iranfreedom.org\\\/en\\\/supports\\\/2026\\\/09\\\/german-conference-highlights-irans-democratic-alternative-and-calls-for-a-new-european-policy-toward-tehran\\\/90207\\\/\"},\"wordCount\":3172,\"publisher\":{\"@id\":\"https:\\\/\\\/iranfreedom.org\\\/en\\\/#organization\"},\"image\":{\"@id\":\"https:\\\/\\\/iranfreedom.org\\\/en\\\/supports\\\/2026\\\/09\\\/german-conference-highlights-irans-democratic-alternative-and-calls-for-a-new-european-policy-toward-tehran\\\/90207\\\/#primaryimage\"},\"thumbnailUrl\":\"https:\\\/\\\/iranfreedom.org\\\/en\\\/wp-content\\\/uploads\\\/2026\\\/09\\\/German-Conference-.jpg\",\"keywords\":[\"Conference in Germany\",\"NCRI Alternative\"],\"articleSection\":[\"International Supports\",\"Iranian Resistance\",\"News\",\"Videos\"],\"inLanguage\":\"en-US\"},{\"@type\":\"WebPage\",\"@id\":\"https:\\\/\\\/iranfreedom.org\\\/en\\\/supports\\\/2026\\\/09\\\/german-conference-highlights-irans-democratic-alternative-and-calls-for-a-new-european-policy-toward-tehran\\\/90207\\\/\",\"url\":\"https:\\\/\\\/iranfreedom.org\\\/en\\\/supports\\\/2026\\\/09\\\/german-conference-highlights-irans-democratic-alternative-and-calls-for-a-new-european-policy-toward-tehran\\\/90207\\\/\",\"name\":\"German Conference Highlights Iran\u2019s Democratic Alternative and Calls for a New European Policy Toward Tehran - Iran Freedom\",\"isPartOf\":{\"@id\":\"https:\\\/\\\/iranfreedom.org\\\/en\\\/#website\"},\"primaryImageOfPage\":{\"@id\":\"https:\\\/\\\/iranfreedom.org\\\/en\\\/supports\\\/2026\\\/09\\\/german-conference-highlights-irans-democratic-alternative-and-calls-for-a-new-european-policy-toward-tehran\\\/90207\\\/#primaryimage\"},\"image\":{\"@id\":\"https:\\\/\\\/iranfreedom.org\\\/en\\\/supports\\\/2026\\\/09\\\/german-conference-highlights-irans-democratic-alternative-and-calls-for-a-new-european-policy-toward-tehran\\\/90207\\\/#primaryimage\"},\"thumbnailUrl\":\"https:\\\/\\\/iranfreedom.org\\\/en\\\/wp-content\\\/uploads\\\/2026\\\/09\\\/German-Conference-.jpg\",\"datePublished\":\"2026-09-04T23:00:56+00:00\",\"description\":\"Germany conference examines Iran\u2019s crisis, human rights and democratic alternatives, urging Europe to support organized change.\",\"breadcrumb\":{\"@id\":\"https:\\\/\\\/iranfreedom.org\\\/en\\\/supports\\\/2026\\\/09\\\/german-conference-highlights-irans-democratic-alternative-and-calls-for-a-new-european-policy-toward-tehran\\\/90207\\\/#breadcrumb\"},\"inLanguage\":\"en-US\",\"potentialAction\":[{\"@type\":\"ReadAction\",\"target\":[\"https:\\\/\\\/iranfreedom.org\\\/en\\\/supports\\\/2026\\\/09\\\/german-conference-highlights-irans-democratic-alternative-and-calls-for-a-new-european-policy-toward-tehran\\\/90207\\\/\"]}]},{\"@type\":\"ImageObject\",\"inLanguage\":\"en-US\",\"@id\":\"https:\\\/\\\/iranfreedom.org\\\/en\\\/supports\\\/2026\\\/09\\\/german-conference-highlights-irans-democratic-alternative-and-calls-for-a-new-european-policy-toward-tehran\\\/90207\\\/#primaryimage\",\"url\":\"https:\\\/\\\/iranfreedom.org\\\/en\\\/wp-content\\\/uploads\\\/2026\\\/09\\\/German-Conference-.jpg\",\"contentUrl\":\"https:\\\/\\\/iranfreedom.org\\\/en\\\/wp-content\\\/uploads\\\/2026\\\/09\\\/German-Conference-.jpg\",\"width\":1000,\"height\":563,\"caption\":\"German lawmakers and experts discuss Iran\u2019s democratic future and Europe\u2019s policy toward Tehran.\"},{\"@type\":\"BreadcrumbList\",\"@id\":\"https:\\\/\\\/iranfreedom.org\\\/en\\\/supports\\\/2026\\\/09\\\/german-conference-highlights-irans-democratic-alternative-and-calls-for-a-new-european-policy-toward-tehran\\\/90207\\\/#breadcrumb\",\"itemListElement\":[{\"@type\":\"ListItem\",\"position\":1,\"name\":\"Home\",\"item\":\"https:\\\/\\\/iranfreedom.org\\\/en\\\/\"},{\"@type\":\"ListItem\",\"position\":2,\"name\":\"German Conference Highlights Iran\u2019s Democratic Alternative and Calls for a New European Policy Toward Tehran\"}]},{\"@type\":\"WebSite\",\"@id\":\"https:\\\/\\\/iranfreedom.org\\\/en\\\/#website\",\"url\":\"https:\\\/\\\/iranfreedom.org\\\/en\\\/\",\"name\":\"Iran Freedom\",\"description\":\"Uniting for Freedom, Democracy &amp; Equality\",\"publisher\":{\"@id\":\"https:\\\/\\\/iranfreedom.org\\\/en\\\/#organization\"},\"potentialAction\":[{\"@type\":\"SearchAction\",\"target\":{\"@type\":\"EntryPoint\",\"urlTemplate\":\"https:\\\/\\\/iranfreedom.org\\\/en\\\/?s={search_term_string}\"},\"query-input\":{\"@type\":\"PropertyValueSpecification\",\"valueRequired\":true,\"valueName\":\"search_term_string\"}}],\"inLanguage\":\"en-US\"},{\"@type\":\"Organization\",\"@id\":\"https:\\\/\\\/iranfreedom.org\\\/en\\\/#organization\",\"name\":\"Iran Freedom\",\"url\":\"https:\\\/\\\/iranfreedom.org\\\/en\\\/\",\"logo\":{\"@type\":\"ImageObject\",\"inLanguage\":\"en-US\",\"@id\":\"https:\\\/\\\/iranfreedom.org\\\/en\\\/#\\\/schema\\\/logo\\\/image\\\/\",\"url\":\"https:\\\/\\\/iranfreedom.org\\\/en\\\/wp-content\\\/uploads\\\/2018\\\/05\\\/Iran-Freedom-logo-with-text.png\",\"contentUrl\":\"https:\\\/\\\/iranfreedom.org\\\/en\\\/wp-content\\\/uploads\\\/2018\\\/05\\\/Iran-Freedom-logo-with-text.png\",\"width\":251,\"height\":78,\"caption\":\"Iran Freedom\"},\"image\":{\"@id\":\"https:\\\/\\\/iranfreedom.org\\\/en\\\/#\\\/schema\\\/logo\\\/image\\\/\"},\"sameAs\":[\"https:\\\/\\\/www.facebook.com\\\/4FreedominIran\",\"https:\\\/\\\/x.com\\\/4freedominiran2\",\"https:\\\/\\\/www.youtube.com\\\/channel\\\/UCOlKtE23ls9XtndDe2dmXcg\"]},{\"@type\":\"Person\",\"@id\":\"https:\\\/\\\/iranfreedom.org\\\/en\\\/#\\\/schema\\\/person\\\/0c0ca1f507008310991aaf03eca5f8d6\",\"name\":\"Iran Freedom\",\"image\":{\"@type\":\"ImageObject\",\"inLanguage\":\"en-US\",\"@id\":\"https:\\\/\\\/secure.gravatar.com\\\/avatar\\\/a5dffed9e9c88987b4cfbd51b619e85f9ac9e9d4995463ec41ee804a650db8b5?s=96&d=mm&r=g\",\"url\":\"https:\\\/\\\/secure.gravatar.com\\\/avatar\\\/a5dffed9e9c88987b4cfbd51b619e85f9ac9e9d4995463ec41ee804a650db8b5?s=96&d=mm&r=g\",\"contentUrl\":\"https:\\\/\\\/secure.gravatar.com\\\/avatar\\\/a5dffed9e9c88987b4cfbd51b619e85f9ac9e9d4995463ec41ee804a650db8b5?s=96&d=mm&r=g\",\"caption\":\"Iran Freedom\"},\"sameAs\":[\"https:\\\/\\\/x.com\\\/4freedominiran2\"],\"url\":\"https:\\\/\\\/iranfreedom.org\\\/en\\\/author\\\/iran-freedom2\\\/\"}]}<\/script>\n<!-- \/ Yoast SEO plugin. -->","yoast_head_json":{"title":"German Conference Highlights Iran\u2019s Democratic Alternative and Calls for a New European Policy Toward Tehran - Iran Freedom","description":"Germany conference examines Iran\u2019s crisis, human rights and democratic alternatives, urging Europe to support organized change.","robots":{"index":"index","follow":"follow","max-snippet":"max-snippet:-1","max-image-preview":"max-image-preview:large","max-video-preview":"max-video-preview:-1"},"canonical":"https:\/\/iranfreedom.org\/en\/supports\/2026\/09\/german-conference-highlights-irans-democratic-alternative-and-calls-for-a-new-european-policy-toward-tehran\/90207\/","og_locale":"en_US","og_type":"article","og_title":"German Conference Highlights Iran\u2019s Democratic Alternative and Calls for a New European Policy Toward Tehran - Iran Freedom","og_description":"German lawmakers and experts discuss Iran\u2019s democratic future and Europe\u2019s policy toward Tehran.","og_url":"https:\/\/iranfreedom.org\/en\/supports\/2026\/09\/german-conference-highlights-irans-democratic-alternative-and-calls-for-a-new-european-policy-toward-tehran\/90207\/","og_site_name":"Iran Freedom","article_publisher":"https:\/\/www.facebook.com\/4FreedominIran","article_published_time":"2026-09-04T23:00:56+00:00","og_image":[{"width":1000,"height":563,"url":"https:\/\/iranfreedom.org\/en\/wp-content\/uploads\/2026\/09\/German-Conference-.jpg","type":"image\/jpeg"}],"author":"Iran Freedom","twitter_card":"summary_large_image","twitter_creator":"@4freedominiran2","twitter_site":"@4freedominiran2","twitter_misc":{"Written by":"Iran Freedom","Est. reading time":"15 minutes"},"schema":{"@context":"https:\/\/schema.org","@graph":[{"@type":"Article","@id":"https:\/\/iranfreedom.org\/en\/supports\/2026\/09\/german-conference-highlights-irans-democratic-alternative-and-calls-for-a-new-european-policy-toward-tehran\/90207\/#article","isPartOf":{"@id":"https:\/\/iranfreedom.org\/en\/supports\/2026\/09\/german-conference-highlights-irans-democratic-alternative-and-calls-for-a-new-european-policy-toward-tehran\/90207\/"},"author":{"name":"Iran Freedom","@id":"https:\/\/iranfreedom.org\/en\/#\/schema\/person\/0c0ca1f507008310991aaf03eca5f8d6"},"headline":"German Conference Highlights Iran\u2019s Democratic Alternative and Calls for a New European Policy Toward Tehran","datePublished":"2026-09-04T23:00:56+00:00","mainEntityOfPage":{"@id":"https:\/\/iranfreedom.org\/en\/supports\/2026\/09\/german-conference-highlights-irans-democratic-alternative-and-calls-for-a-new-european-policy-toward-tehran\/90207\/"},"wordCount":3172,"publisher":{"@id":"https:\/\/iranfreedom.org\/en\/#organization"},"image":{"@id":"https:\/\/iranfreedom.org\/en\/supports\/2026\/09\/german-conference-highlights-irans-democratic-alternative-and-calls-for-a-new-european-policy-toward-tehran\/90207\/#primaryimage"},"thumbnailUrl":"https:\/\/iranfreedom.org\/en\/wp-content\/uploads\/2026\/09\/German-Conference-.jpg","keywords":["Conference in Germany","NCRI Alternative"],"articleSection":["International Supports","Iranian Resistance","News","Videos"],"inLanguage":"en-US"},{"@type":"WebPage","@id":"https:\/\/iranfreedom.org\/en\/supports\/2026\/09\/german-conference-highlights-irans-democratic-alternative-and-calls-for-a-new-european-policy-toward-tehran\/90207\/","url":"https:\/\/iranfreedom.org\/en\/supports\/2026\/09\/german-conference-highlights-irans-democratic-alternative-and-calls-for-a-new-european-policy-toward-tehran\/90207\/","name":"German Conference Highlights Iran\u2019s Democratic Alternative and Calls for a New European Policy Toward Tehran - Iran Freedom","isPartOf":{"@id":"https:\/\/iranfreedom.org\/en\/#website"},"primaryImageOfPage":{"@id":"https:\/\/iranfreedom.org\/en\/supports\/2026\/09\/german-conference-highlights-irans-democratic-alternative-and-calls-for-a-new-european-policy-toward-tehran\/90207\/#primaryimage"},"image":{"@id":"https:\/\/iranfreedom.org\/en\/supports\/2026\/09\/german-conference-highlights-irans-democratic-alternative-and-calls-for-a-new-european-policy-toward-tehran\/90207\/#primaryimage"},"thumbnailUrl":"https:\/\/iranfreedom.org\/en\/wp-content\/uploads\/2026\/09\/German-Conference-.jpg","datePublished":"2026-09-04T23:00:56+00:00","description":"Germany conference examines Iran\u2019s crisis, human rights and democratic alternatives, urging Europe to support organized change.","breadcrumb":{"@id":"https:\/\/iranfreedom.org\/en\/supports\/2026\/09\/german-conference-highlights-irans-democratic-alternative-and-calls-for-a-new-european-policy-toward-tehran\/90207\/#breadcrumb"},"inLanguage":"en-US","potentialAction":[{"@type":"ReadAction","target":["https:\/\/iranfreedom.org\/en\/supports\/2026\/09\/german-conference-highlights-irans-democratic-alternative-and-calls-for-a-new-european-policy-toward-tehran\/90207\/"]}]},{"@type":"ImageObject","inLanguage":"en-US","@id":"https:\/\/iranfreedom.org\/en\/supports\/2026\/09\/german-conference-highlights-irans-democratic-alternative-and-calls-for-a-new-european-policy-toward-tehran\/90207\/#primaryimage","url":"https:\/\/iranfreedom.org\/en\/wp-content\/uploads\/2026\/09\/German-Conference-.jpg","contentUrl":"https:\/\/iranfreedom.org\/en\/wp-content\/uploads\/2026\/09\/German-Conference-.jpg","width":1000,"height":563,"caption":"German lawmakers and experts discuss Iran\u2019s democratic future and Europe\u2019s policy toward Tehran."},{"@type":"BreadcrumbList","@id":"https:\/\/iranfreedom.org\/en\/supports\/2026\/09\/german-conference-highlights-irans-democratic-alternative-and-calls-for-a-new-european-policy-toward-tehran\/90207\/#breadcrumb","itemListElement":[{"@type":"ListItem","position":1,"name":"Home","item":"https:\/\/iranfreedom.org\/en\/"},{"@type":"ListItem","position":2,"name":"German Conference Highlights Iran\u2019s Democratic Alternative and Calls for a New European Policy Toward Tehran"}]},{"@type":"WebSite","@id":"https:\/\/iranfreedom.org\/en\/#website","url":"https:\/\/iranfreedom.org\/en\/","name":"Iran Freedom","description":"Uniting for Freedom, Democracy &amp; Equality","publisher":{"@id":"https:\/\/iranfreedom.org\/en\/#organization"},"potentialAction":[{"@type":"SearchAction","target":{"@type":"EntryPoint","urlTemplate":"https:\/\/iranfreedom.org\/en\/?s={search_term_string}"},"query-input":{"@type":"PropertyValueSpecification","valueRequired":true,"valueName":"search_term_string"}}],"inLanguage":"en-US"},{"@type":"Organization","@id":"https:\/\/iranfreedom.org\/en\/#organization","name":"Iran Freedom","url":"https:\/\/iranfreedom.org\/en\/","logo":{"@type":"ImageObject","inLanguage":"en-US","@id":"https:\/\/iranfreedom.org\/en\/#\/schema\/logo\/image\/","url":"https:\/\/iranfreedom.org\/en\/wp-content\/uploads\/2018\/05\/Iran-Freedom-logo-with-text.png","contentUrl":"https:\/\/iranfreedom.org\/en\/wp-content\/uploads\/2018\/05\/Iran-Freedom-logo-with-text.png","width":251,"height":78,"caption":"Iran Freedom"},"image":{"@id":"https:\/\/iranfreedom.org\/en\/#\/schema\/logo\/image\/"},"sameAs":["https:\/\/www.facebook.com\/4FreedominIran","https:\/\/x.com\/4freedominiran2","https:\/\/www.youtube.com\/channel\/UCOlKtE23ls9XtndDe2dmXcg"]},{"@type":"Person","@id":"https:\/\/iranfreedom.org\/en\/#\/schema\/person\/0c0ca1f507008310991aaf03eca5f8d6","name":"Iran Freedom","image":{"@type":"ImageObject","inLanguage":"en-US","@id":"https:\/\/secure.gravatar.com\/avatar\/a5dffed9e9c88987b4cfbd51b619e85f9ac9e9d4995463ec41ee804a650db8b5?s=96&d=mm&r=g","url":"https:\/\/secure.gravatar.com\/avatar\/a5dffed9e9c88987b4cfbd51b619e85f9ac9e9d4995463ec41ee804a650db8b5?s=96&d=mm&r=g","contentUrl":"https:\/\/secure.gravatar.com\/avatar\/a5dffed9e9c88987b4cfbd51b619e85f9ac9e9d4995463ec41ee804a650db8b5?s=96&d=mm&r=g","caption":"Iran Freedom"},"sameAs":["https:\/\/x.com\/4freedominiran2"],"url":"https:\/\/iranfreedom.org\/en\/author\/iran-freedom2\/"}]}},"amp_enabled":true,"_links":{"self":[{"href":"https:\/\/iranfreedom.org\/en\/wp-json\/wp\/v2\/posts\/90207","targetHints":{"allow":["GET"]}}],"collection":[{"href":"https:\/\/iranfreedom.org\/en\/wp-json\/wp\/v2\/posts"}],"about":[{"href":"https:\/\/iranfreedom.org\/en\/wp-json\/wp\/v2\/types\/post"}],"author":[{"embeddable":true,"href":"https:\/\/iranfreedom.org\/en\/wp-json\/wp\/v2\/users\/6"}],"replies":[{"embeddable":true,"href":"https:\/\/iranfreedom.org\/en\/wp-json\/wp\/v2\/comments?post=90207"}],"version-history":[{"count":6,"href":"https:\/\/iranfreedom.org\/en\/wp-json\/wp\/v2\/posts\/90207\/revisions"}],"predecessor-version":[{"id":90218,"href":"https:\/\/iranfreedom.org\/en\/wp-json\/wp\/v2\/posts\/90207\/revisions\/90218"}],"wp:featuredmedia":[{"embeddable":true,"href":"https:\/\/iranfreedom.org\/en\/wp-json\/wp\/v2\/media\/90212"}],"wp:attachment":[{"href":"https:\/\/iranfreedom.org\/en\/wp-json\/wp\/v2\/media?parent=90207"}],"wp:term":[{"taxonomy":"category","embeddable":true,"href":"https:\/\/iranfreedom.org\/en\/wp-json\/wp\/v2\/categories?post=90207"},{"taxonomy":"post_tag","embeddable":true,"href":"https:\/\/iranfreedom.org\/en\/wp-json\/wp\/v2\/tags?post=90207"}],"curies":[{"name":"wp","href":"https:\/\/api.w.org\/{rel}","templated":true}]}}